{"id":759,"date":"2021-03-30T16:32:47","date_gmt":"2021-03-30T14:32:47","guid":{"rendered":"https:\/\/www.lenstore.fr\/soins-des-yeux\/?p=759"},"modified":"2022-09-06T12:37:38","modified_gmt":"2022-09-06T10:37:38","slug":"le-daltonisme-ou-la-deficience-de-la-vision-des-couleurs","status":"publish","type":"post","link":"https:\/\/www.lenstore.fr\/soins-des-yeux\/le-daltonisme-ou-la-deficience-de-la-vision-des-couleurs","title":{"rendered":"Le daltonisme ou la d\u00e9ficience de la vision des couleurs"},"content":{"rendered":"\n<figure class=\"wp-block-image size-large\"><img loading=\"lazy\" decoding=\"async\" width=\"770\" height=\"480\" src=\"https:\/\/www.lenstore.fr\/soins-des-yeux\/wp-content\/uploads\/sites\/3\/2021\/03\/Daltonisme.jpg\" alt=\"\" class=\"wp-image-764\" srcset=\"https:\/\/www.lenstore.fr\/soins-des-yeux\/wp-content\/uploads\/sites\/3\/2021\/03\/Daltonisme.jpg 770w, https:\/\/www.lenstore.fr\/soins-des-yeux\/wp-content\/uploads\/sites\/3\/2021\/03\/Daltonisme-300x187.jpg 300w, https:\/\/www.lenstore.fr\/soins-des-yeux\/wp-content\/uploads\/sites\/3\/2021\/03\/Daltonisme-768x479.jpg 768w\" sizes=\"auto, (max-width: 770px) 100vw, 770px\" \/><\/figure>\n\n\n\n<h3 class=\"wp-block-heading\"><strong>Qu&rsquo;est-ce qu&rsquo;une d\u00e9ficience de la vision des couleurs ?<\/strong><\/h3>\n\n\n\n<p>La d\u00e9ficience de la vision des couleurs, \u00e9galement appel\u00e9e daltonisme, est d\u00e9finit comme l\u2019incapacit\u00e9 pour une personne de voir le spectre complet des couleurs.&nbsp;<\/p>\n\n\n\n<p>Nous voyons les couleurs parce que nos yeux r\u00e9agissent aux diff\u00e9rentes longueurs d&rsquo;onde de lumi\u00e8re qu&rsquo;elles \u00e9mettent. Par exemple, les nuances de bleu \u00e9mettent des longueurs d\u2019onde courtes, les nuances de vert des longueurs d&rsquo;onde moyennes et les nuances de rouge des longueurs d&rsquo;onde longues.&nbsp;<\/p>\n\n\n\n<p>La r\u00e9tine, situ\u00e9e \u00e0 l&rsquo;arri\u00e8re de l&rsquo;\u0153il, contient des photor\u00e9cepteurs appel\u00e9s b\u00e2tonnets et c\u00f4nes qui sont respectivement sensibles \u00e0 la lumi\u00e8re et \u00e0 la couleur. Ils envoient des signaux sp\u00e9cifiques \u00e0 travers le nerf optique vers notre cerveau, en r\u00e9ponse \u00e0 diff\u00e9rentes longueurs d&rsquo;onde. C\u2019est ce qui nous permet de distinguer les couleurs.<\/p>\n\n\n\n<p>Si les photor\u00e9cepteurs sont absents ou ne fonctionnent pas correctement, certaines couleurs ne peuvent pas \u00eatre trait\u00e9es par le cerveau, ce qui entra\u00eene un d\u00e9ficit de la vision des couleurs.<\/p>\n\n\n\n<h3 class=\"wp-block-heading\"><strong>Types de d\u00e9ficience de la vision des couleurs<\/strong><\/h3>\n\n\n\n<p>La vision des couleurs trichromatiques est celle des personnes qui ont une vision des couleurs dite normale. C\u2019est le cas lorsque les trois types de c\u00f4nes de votre r\u00e9tine fonctionnent correctement pour d\u00e9tecter la couleur.<\/p>\n\n\n\n<p>La perte compl\u00e8te de la vision des couleurs est appel\u00e9e achromatopsie. Les personnes touch\u00e9es ne peuvent voir que dans une vision monochromatique du noir, des gris et du blanc.&nbsp;<\/p>\n\n\n\n<p>Cependant, l&rsquo;incapacit\u00e9 totale de voir une couleur est extr\u00eamement rare. La plupart des personnes ayant un d\u00e9ficit de vision des couleurs sont toujours capables de voir certaines nuances de couleur.<\/p>\n\n\n\n<h4 class=\"wp-block-heading\"><strong>Vision dichromatique&nbsp;<\/strong><\/h4>\n\n\n\n<p>La vision des couleurs dichromatique est un type de d\u00e9ficit de la vision des couleurs, o\u00f9 seuls deux types de c\u00f4nes fonctionnent. Cela signifie que les personnes touch\u00e9es ne peuvent pas voir une section de couleur sp\u00e9cifique, qu&rsquo;il s&rsquo;agisse du spectre lumineux du rouge, du vert ou du bleu.<\/p>\n\n\n\n<p>Les trois types de vision dichromatiques sont :<\/p>\n\n\n\n<p><strong>Protanopie<\/strong> : le c\u00f4ne rouge est absent chez la personne touch\u00e9e. Les personnes atteintes de&nbsp;<strong>protanopie<\/strong>&nbsp;ne per\u00e7oivent pas la lumi\u00e8re&nbsp;<strong>rouge<\/strong>. Cette forme de daltonisme entra\u00eene des confusions entre les couleurs rouges et bleues et la couleur verte.<\/p>\n\n\n\n<p><strong>Deut\u00e9ranopie<\/strong> : le c\u00f4ne vert est absent chez la personne touch\u00e9e. Les personnes atteintes de deut\u00e9ranopie ne per\u00e7oivent pas la lumi\u00e8re verte. Cette forme de daltonisme entra\u00eene des confusions entre la couleur verte et la couleur rouge et entre certaines tonalit\u00e9s de gris, de violet et de bleu.<\/p>\n\n\n\n<p><strong>Tritanopie<\/strong> : le c\u00f4ne bleu manque chez la personne touch\u00e9e. Les personnes atteintes de tritanopie ne per\u00e7oivent pas la lumi\u00e8re bleue. Cette forme de daltonisme entra\u00eene des confusions entre le bleu et le gris, entre le violet fonc\u00e9 et le noir, entre le vert et le bleu et entre l&rsquo;orange et le rouge.<\/p>\n\n\n\n<h4 class=\"wp-block-heading\"><strong>Vision trichromatique anormale<\/strong><\/h4>\n\n\n\n<p>Certaines personnes ont une vision trichromatique irr\u00e9guli\u00e8re. Cela est li\u00e9e au fait qu&rsquo;un type de c\u00f4ne ne traite pas correctement les longueurs d&rsquo;onde des lumi\u00e8res. Le c\u00f4ne sp\u00e9cifique n&rsquo;est pas absent mais plut\u00f4t moins sensible. Le d\u00e9ficit de vision des couleurs est donc plus l\u00e9ger.<\/p>\n\n\n\n<p>Les trois types de vision trichromatique anormale sont :<\/p>\n\n\n\n<ul class=\"wp-block-list\"><li><strong>Protanomalie <\/strong>: sensibilit\u00e9 r\u00e9duite \u00e0 la lumi\u00e8re rouge<\/li><\/ul>\n\n\n\n<ul class=\"wp-block-list\"><li><strong>Deut\u00e9ranomalie<\/strong> : sensibilit\u00e9 r\u00e9duite \u00e0 la lumi\u00e8re verte<\/li><\/ul>\n\n\n\n<ul class=\"wp-block-list\"><li><strong>Tritanomalie<\/strong> : sensibilit\u00e9 r\u00e9duite \u00e0 la lumi\u00e8re bleue<\/li><\/ul>\n\n\n\n<h3 class=\"wp-block-heading\"><strong>Les causes de la d\u00e9ficience de la vision des couleurs<\/strong><\/h3>\n\n\n\n<figure class=\"wp-block-image size-large\"><img loading=\"lazy\" decoding=\"async\" width=\"770\" height=\"480\" src=\"https:\/\/www.lenstore.fr\/soins-des-yeux\/wp-content\/uploads\/sites\/3\/2021\/03\/lentilles_couleur_visage-1.jpg\" alt=\"\" class=\"wp-image-765\" srcset=\"https:\/\/www.lenstore.fr\/soins-des-yeux\/wp-content\/uploads\/sites\/3\/2021\/03\/lentilles_couleur_visage-1.jpg 770w, https:\/\/www.lenstore.fr\/soins-des-yeux\/wp-content\/uploads\/sites\/3\/2021\/03\/lentilles_couleur_visage-1-300x187.jpg 300w, https:\/\/www.lenstore.fr\/soins-des-yeux\/wp-content\/uploads\/sites\/3\/2021\/03\/lentilles_couleur_visage-1-768x479.jpg 768w\" sizes=\"auto, (max-width: 770px) 100vw, 770px\" \/><\/figure>\n\n\n\n<p>Dans certains cas, l&rsquo;incapacit\u00e9 de voir le spectre complet peut \u00eatre caus\u00e9e par certaines maladies ou par des m\u00e9dicaments sp\u00e9cifiques pour traiter des conditions m\u00e9dicales ou des infections. Ceux-ci peuvent affecter votre r\u00e9tine ou votre nerf optique et cela peut se traduire par une incapacit\u00e9 \u00e0 reconna\u00eetre les couleurs.&nbsp;<\/p>\n\n\n\n<p>Cependant, dans la plupart des cas, la d\u00e9ficience de la vision des couleurs est h\u00e9r\u00e9ditaire.&nbsp;<\/p>\n\n\n\n<h4 class=\"wp-block-heading\"><strong>La g\u00e9n\u00e9tique<\/strong><\/h4>\n\n\n\n<p>L\u2019incapacit\u00e9 \u00e0 distinguer les couleurs rouge-vert est g\u00e9n\u00e9ralement une maladie g\u00e9n\u00e9tique qui touche les deux yeux et est d\u00e9j\u00e0 pr\u00e9sente d\u00e8s la naissance. Une difficult\u00e9 \u00e0 distinguer le bleu et le jaune est \u00e9galement dans la plupart li\u00e9e \u00e0 la g\u00e9n\u00e9tique.&nbsp;&nbsp;<\/p>\n\n\n\n<h4 class=\"wp-block-heading\"><strong>Qui peut \u00eatre touch\u00e9 ?<\/strong><\/h4>\n\n\n\n<p>Tout le monde peut \u00eatre affect\u00e9 par une d\u00e9ficience de la vision des couleurs. Cependant, la vision des couleurs est li\u00e9e \u00e0 un g\u00e8ne r\u00e9cessif situ\u00e9 sur le chromosome sexuel X h\u00e9rit\u00e9 de la m\u00e8re. Par cons\u00e9quent, la d\u00e9ficience de la vision des couleurs affecte beaucoup plus les hommes que les femmes. En effet, les femmes ont deux chromosomes X, qui devraient tous deux \u00eatre affect\u00e9s pour que la maladie soit transmise.&nbsp;<\/p>\n\n\n\n<p>Des \u00e9tudes sugg\u00e8rent que dans le monde, 1 homme sur 12 a une d\u00e9ficience de la vision des couleurs, mais seulement 1 femme sur 200 est touch\u00e9e.&nbsp;&nbsp;<\/p>\n\n\n\n<h4 class=\"wp-block-heading\"><strong>Pouvez-vous soudainement perdre la vision des couleurs ?<\/strong><\/h4>\n\n\n\n<p>Si vous remarquez que votre vision des couleurs change, la cause est g\u00e9n\u00e9ralement un probl\u00e8me de sant\u00e9 ou un m\u00e9dicament.<\/p>\n\n\n\n<p>Si vous souffrez d&rsquo;un probl\u00e8me de sant\u00e9 ou d&rsquo;une maladie oculaire affectant la r\u00e9tine ou le nerf optique, il est possible que votre reconnaissance des couleurs soit affect\u00e9e. Cela concerne \u00e9galement les m\u00e9dicaments utilis\u00e9s pour traiter les maladies auto-immunes, l&rsquo;hypertension art\u00e9rielle ou certaines infections. Dans ces circonstances, l&rsquo;un ou les deux yeux peuvent \u00eatre affect\u00e9s.<\/p>\n\n\n\n<p>Consultez votre ophtalmologiste ou \u00e0 votre m\u00e9decin g\u00e9n\u00e9raliste si vous remarquez des changements dans votre vision des couleurs.<\/p>\n\n\n\n<h3 class=\"wp-block-heading\"><strong>D\u00e9tection d&rsquo;une d\u00e9ficience de la vision des couleurs<\/strong><\/h3>\n\n\n\n<p>La d\u00e9ficience de la vision des couleurs est g\u00e9n\u00e9ralement observ\u00e9e pour la premi\u00e8re fois dans la petite enfance, lors des programmes de d\u00e9pistage oculaire \u00e0 l&rsquo;\u00e9cole ou lors du premier test de la vue.&nbsp;<\/p>\n\n\n\n<p>Si vous pensez que votre enfant a un d\u00e9faut de vision des couleurs, consultez un ophtalmologiste. Votre m\u00e9decin peut examiner la perception des couleurs en montrant au patient des images sp\u00e9cifiques constitu\u00e9es de points, avec des nombres ou des formes. Les personnes qui ont un d\u00e9ficit de vision des couleurs auront des difficult\u00e9s \u00e0 d\u00e9tecter les nombres ou les formes ou ne pourront pas du tout les voir.<\/p>\n\n\n\n<h4 class=\"wp-block-heading\"><strong>Test de vision des couleurs \u00e0 la maison<\/strong><\/h4>\n\n\n\n<p>Vous pouvez tester la pr\u00e9cision de votre vision des couleurs en ligne gr\u00e2ce \u00e0 des graphiques de vision des couleurs.&nbsp;<\/p>\n\n\n\n<p>Cela ne peut pas d\u00e9terminer avec pr\u00e9cision le type de d\u00e9ficience de la vision des couleurs que vous avez ou sa gravit\u00e9. Toutefois, ces tests montreront si vos yeux traitent le spectre complet de la couleur.&nbsp;<\/p>\n\n\n\n<h3 class=\"wp-block-heading\"><strong>Quelles sont les solutions pour traiter la d\u00e9ficience de la vision des couleurs&nbsp;?<\/strong><\/h3>\n\n\n\n<p>Il est possible de retrouver une bonne vision des couleurs, si la pathologie a \u00e9t\u00e9 caus\u00e9e par une maladie ou un m\u00e9dicament qui a affect\u00e9 vos photor\u00e9cepteurs. Une d\u00e9ficience h\u00e9r\u00e9ditaire de la vision des couleurs ne peut malheureusement pas \u00eatre gu\u00e9rie.&nbsp;<\/p>\n\n\n\n<p>Cependant, les scientifiques recherchent des options de traitement pour les pathologies r\u00e9tiniennes telles que le d\u00e9ficit de la vision des couleurs. Il est possible que des traitements s\u2019appuyant sur des th\u00e9rapies g\u00e9niques deviennent disponibles \u00e0 l&rsquo;avenir.<\/p>\n\n\n\n<p><strong>Lunettes de vision des couleurs<\/strong><\/p>\n\n\n\n<figure class=\"wp-block-image size-large\"><img loading=\"lazy\" decoding=\"async\" width=\"1024\" height=\"683\" src=\"https:\/\/www.lenstore.fr\/soins-des-yeux\/wp-content\/uploads\/sites\/3\/2021\/03\/lunettes_de_couleur.jpg\" alt=\"\" class=\"wp-image-766\" srcset=\"https:\/\/www.lenstore.fr\/soins-des-yeux\/wp-content\/uploads\/sites\/3\/2021\/03\/lunettes_de_couleur.jpg 1024w, https:\/\/www.lenstore.fr\/soins-des-yeux\/wp-content\/uploads\/sites\/3\/2021\/03\/lunettes_de_couleur-300x200.jpg 300w, https:\/\/www.lenstore.fr\/soins-des-yeux\/wp-content\/uploads\/sites\/3\/2021\/03\/lunettes_de_couleur-768x512.jpg 768w\" sizes=\"auto, (max-width: 1024px) 100vw, 1024px\" \/><\/figure>\n\n\n\n<p>Il existe des lunettes de vision des couleurs disponibles sur le march\u00e9. Elles fournissent un filtre color\u00e9 pour un contraste plus \u00e9lev\u00e9 entre les diff\u00e9rentes couleurs. Cependant, ces lunettes n&rsquo;offriront pas une restauration compl\u00e8te de la vision des couleurs. Elles permettront plut\u00f4t \u00e0 ceux qui ont une vision des couleurs r\u00e9duite de diff\u00e9rencier les nuances de couleur.<\/p>\n","protected":false},"excerpt":{"rendered":"<p>Qu&rsquo;est-ce qu&rsquo;une d\u00e9ficience de la vision des couleurs ? La d\u00e9ficience de la vision des [&hellip;]<\/p>\n","protected":false},"author":6,"featured_media":764,"comment_status":"closed","ping_status":"closed","sticky":false,"template":"","format":"standard","meta":{"footnotes":""},"categories":[3],"tags":[],"class_list":["post-759","post","type-post","status-publish","format-standard","has-post-thumbnail","hentry","category-sante"],"yoast_head":"<!-- This site is optimized with the Yoast SEO plugin v27.0 - https:\/\/yoast.com\/product\/yoast-seo-wordpress\/ -->\n<title>Le daltonisme ou la d\u00e9ficience de la vision des couleurs - Lenstore<\/title>\n<meta name=\"description\" content=\"La d\u00e9ficience de la vision des couleurs, \u00e9galement appel\u00e9e daltonisme, est d\u00e9finit comme l\u2019incapacit\u00e9 pour une personne de voir le spectre complet des couleurs.\" \/>\n<meta name=\"robots\" content=\"index, follow, max-snippet:-1, max-image-preview:large, max-video-preview:-1\" \/>\n<link rel=\"canonical\" href=\"https:\/\/www.lenstore.fr\/soins-des-yeux\/le-daltonisme-ou-la-deficience-de-la-vision-des-couleurs\" \/>\n<meta property=\"og:locale\" content=\"fr_FR\" \/>\n<meta property=\"og:type\" content=\"article\" \/>\n<meta property=\"og:title\" content=\"Le daltonisme ou la d\u00e9ficience de la vision des couleurs - Lenstore\" \/>\n<meta property=\"og:description\" content=\"La d\u00e9ficience de la vision des couleurs, \u00e9galement appel\u00e9e daltonisme, est d\u00e9finit comme l\u2019incapacit\u00e9 pour une personne de voir le spectre complet des couleurs.\" \/>\n<meta property=\"og:url\" content=\"https:\/\/www.lenstore.fr\/soins-des-yeux\/le-daltonisme-ou-la-deficience-de-la-vision-des-couleurs\" \/>\n<meta property=\"og:site_name\" content=\"Lenstore\" \/>\n<meta property=\"article:published_time\" content=\"2021-03-30T14:32:47+00:00\" \/>\n<meta property=\"article:modified_time\" content=\"2022-09-06T10:37:38+00:00\" \/>\n<meta property=\"og:image\" content=\"https:\/\/www.lenstore.fr\/soins-des-yeux\/wp-content\/uploads\/sites\/3\/2021\/03\/Daltonisme.jpg\" \/>\n\t<meta property=\"og:image:width\" content=\"770\" \/>\n\t<meta property=\"og:image:height\" content=\"480\" \/>\n\t<meta property=\"og:image:type\" content=\"image\/jpeg\" \/>\n<meta name=\"author\" content=\"alexisattiapo\" \/>\n<meta name=\"twitter:card\" content=\"summary_large_image\" \/>\n<meta name=\"twitter:creator\" content=\"@lenstorefr\" \/>\n<meta name=\"twitter:site\" content=\"@lenstorefr\" \/>\n<meta name=\"twitter:label1\" content=\"\u00c9crit par\" \/>\n\t<meta name=\"twitter:data1\" content=\"alexisattiapo\" \/>\n\t<meta name=\"twitter:label2\" content=\"Dur\u00e9e de lecture estim\u00e9e\" \/>\n\t<meta name=\"twitter:data2\" content=\"6 minutes\" \/>\n<script type=\"application\/ld+json\" class=\"yoast-schema-graph\">{\"@context\":\"https:\/\/schema.org\",\"@graph\":[{\"@type\":\"Article\",\"@id\":\"https:\/\/www.lenstore.fr\/soins-des-yeux\/le-daltonisme-ou-la-deficience-de-la-vision-des-couleurs#article\",\"isPartOf\":{\"@id\":\"https:\/\/www.lenstore.fr\/soins-des-yeux\/le-daltonisme-ou-la-deficience-de-la-vision-des-couleurs\"},\"author\":{\"name\":\"alexisattiapo\",\"@id\":\"https:\/\/www.lenstore.fr\/soins-des-yeux\/#\/schema\/person\/e9fee1d1110da711f415f49fe2d5e045\"},\"headline\":\"Le daltonisme ou la d\u00e9ficience de la vision des couleurs\",\"datePublished\":\"2021-03-30T14:32:47+00:00\",\"dateModified\":\"2022-09-06T10:37:38+00:00\",\"mainEntityOfPage\":{\"@id\":\"https:\/\/www.lenstore.fr\/soins-des-yeux\/le-daltonisme-ou-la-deficience-de-la-vision-des-couleurs\"},\"wordCount\":1372,\"publisher\":{\"@id\":\"https:\/\/www.lenstore.fr\/soins-des-yeux\/#organization\"},\"image\":{\"@id\":\"https:\/\/www.lenstore.fr\/soins-des-yeux\/le-daltonisme-ou-la-deficience-de-la-vision-des-couleurs#primaryimage\"},\"thumbnailUrl\":\"https:\/\/www.lenstore.fr\/soins-des-yeux\/wp-content\/uploads\/sites\/3\/2021\/03\/Daltonisme.jpg\",\"articleSection\":[\"Sant\u00e9 des yeux\"],\"inLanguage\":\"fr-FR\"},{\"@type\":\"WebPage\",\"@id\":\"https:\/\/www.lenstore.fr\/soins-des-yeux\/le-daltonisme-ou-la-deficience-de-la-vision-des-couleurs\",\"url\":\"https:\/\/www.lenstore.fr\/soins-des-yeux\/le-daltonisme-ou-la-deficience-de-la-vision-des-couleurs\",\"name\":\"Le daltonisme ou la d\u00e9ficience de la vision des couleurs - Lenstore\",\"isPartOf\":{\"@id\":\"https:\/\/www.lenstore.fr\/soins-des-yeux\/#website\"},\"primaryImageOfPage\":{\"@id\":\"https:\/\/www.lenstore.fr\/soins-des-yeux\/le-daltonisme-ou-la-deficience-de-la-vision-des-couleurs#primaryimage\"},\"image\":{\"@id\":\"https:\/\/www.lenstore.fr\/soins-des-yeux\/le-daltonisme-ou-la-deficience-de-la-vision-des-couleurs#primaryimage\"},\"thumbnailUrl\":\"https:\/\/www.lenstore.fr\/soins-des-yeux\/wp-content\/uploads\/sites\/3\/2021\/03\/Daltonisme.jpg\",\"datePublished\":\"2021-03-30T14:32:47+00:00\",\"dateModified\":\"2022-09-06T10:37:38+00:00\",\"description\":\"La d\u00e9ficience de la vision des couleurs, \u00e9galement appel\u00e9e daltonisme, est d\u00e9finit comme l\u2019incapacit\u00e9 pour une personne de voir le spectre complet des couleurs.\",\"breadcrumb\":{\"@id\":\"https:\/\/www.lenstore.fr\/soins-des-yeux\/le-daltonisme-ou-la-deficience-de-la-vision-des-couleurs#breadcrumb\"},\"inLanguage\":\"fr-FR\",\"potentialAction\":[{\"@type\":\"ReadAction\",\"target\":[\"https:\/\/www.lenstore.fr\/soins-des-yeux\/le-daltonisme-ou-la-deficience-de-la-vision-des-couleurs\"]}]},{\"@type\":\"ImageObject\",\"inLanguage\":\"fr-FR\",\"@id\":\"https:\/\/www.lenstore.fr\/soins-des-yeux\/le-daltonisme-ou-la-deficience-de-la-vision-des-couleurs#primaryimage\",\"url\":\"https:\/\/www.lenstore.fr\/soins-des-yeux\/wp-content\/uploads\/sites\/3\/2021\/03\/Daltonisme.jpg\",\"contentUrl\":\"https:\/\/www.lenstore.fr\/soins-des-yeux\/wp-content\/uploads\/sites\/3\/2021\/03\/Daltonisme.jpg\",\"width\":770,\"height\":480},{\"@type\":\"BreadcrumbList\",\"@id\":\"https:\/\/www.lenstore.fr\/soins-des-yeux\/le-daltonisme-ou-la-deficience-de-la-vision-des-couleurs#breadcrumb\",\"itemListElement\":[{\"@type\":\"ListItem\",\"position\":1,\"name\":\"Home\",\"item\":\"https:\/\/www.lenstore.fr\/soins-des-yeux\"},{\"@type\":\"ListItem\",\"position\":2,\"name\":\"Le daltonisme ou la d\u00e9ficience de la vision des couleurs\"}]},{\"@type\":\"WebSite\",\"@id\":\"https:\/\/www.lenstore.fr\/soins-des-yeux\/#website\",\"url\":\"https:\/\/www.lenstore.fr\/soins-des-yeux\/\",\"name\":\"Lenstore\",\"description\":\"Guides des lentilles | Sant\u00e9 | Mode de vie\",\"publisher\":{\"@id\":\"https:\/\/www.lenstore.fr\/soins-des-yeux\/#organization\"},\"potentialAction\":[{\"@type\":\"SearchAction\",\"target\":{\"@type\":\"EntryPoint\",\"urlTemplate\":\"https:\/\/www.lenstore.fr\/soins-des-yeux\/?s={search_term_string}\"},\"query-input\":{\"@type\":\"PropertyValueSpecification\",\"valueRequired\":true,\"valueName\":\"search_term_string\"}}],\"inLanguage\":\"fr-FR\"},{\"@type\":\"Organization\",\"@id\":\"https:\/\/www.lenstore.fr\/#organization\",\"name\":\"Lenstore\",\"url\":\"https:\/\/www.lenstore.fr\/\",\"logo\":\"https:\/\/www.lenstore.fr\/png\/lenstore-logo.png\",\"image\":\"https:\/\/www.lenstore.fr\/png\/lenstore-logo.png\",\"sameAs\":[\"https:\/\/x.com\/lenstorefr\"],\"companyRegistration\":\"51990\",\"contactPoint\":{\"@type\":\"ContactPoint\",\"contactType\":\"customer service\",\"telephone\":\"09 75 18 06 19\",\"email\":\"serviceclient@lenstore.fr\"}},{\"@type\":\"Person\",\"@id\":\"https:\/\/www.lenstore.fr\/soins-des-yeux\/#\/schema\/person\/e9fee1d1110da711f415f49fe2d5e045\",\"name\":\"alexisattiapo\",\"url\":\"https:\/\/www.lenstore.fr\/soins-des-yeux\/author\/alexisattiapo\"}]}<\/script>\n<!-- \/ Yoast SEO plugin. -->","yoast_head_json":{"title":"Le daltonisme ou la d\u00e9ficience de la vision des couleurs - Lenstore","description":"La d\u00e9ficience de la vision des couleurs, \u00e9galement appel\u00e9e daltonisme, est d\u00e9finit comme l\u2019incapacit\u00e9 pour une personne de voir le spectre complet des couleurs.","robots":{"index":"index","follow":"follow","max-snippet":"max-snippet:-1","max-image-preview":"max-image-preview:large","max-video-preview":"max-video-preview:-1"},"canonical":"https:\/\/www.lenstore.fr\/soins-des-yeux\/le-daltonisme-ou-la-deficience-de-la-vision-des-couleurs","og_locale":"fr_FR","og_type":"article","og_title":"Le daltonisme ou la d\u00e9ficience de la vision des couleurs - Lenstore","og_description":"La d\u00e9ficience de la vision des couleurs, \u00e9galement appel\u00e9e daltonisme, est d\u00e9finit comme l\u2019incapacit\u00e9 pour une personne de voir le spectre complet des couleurs.","og_url":"https:\/\/www.lenstore.fr\/soins-des-yeux\/le-daltonisme-ou-la-deficience-de-la-vision-des-couleurs","og_site_name":"Lenstore","article_published_time":"2021-03-30T14:32:47+00:00","article_modified_time":"2022-09-06T10:37:38+00:00","og_image":[{"width":770,"height":480,"url":"https:\/\/www.lenstore.fr\/soins-des-yeux\/wp-content\/uploads\/sites\/3\/2021\/03\/Daltonisme.jpg","type":"image\/jpeg"}],"author":"alexisattiapo","twitter_card":"summary_large_image","twitter_creator":"@lenstorefr","twitter_site":"@lenstorefr","twitter_misc":{"\u00c9crit par":"alexisattiapo","Dur\u00e9e de lecture estim\u00e9e":"6 minutes"},"schema":{"@context":"https:\/\/schema.org","@graph":[{"@type":"Article","@id":"https:\/\/www.lenstore.fr\/soins-des-yeux\/le-daltonisme-ou-la-deficience-de-la-vision-des-couleurs#article","isPartOf":{"@id":"https:\/\/www.lenstore.fr\/soins-des-yeux\/le-daltonisme-ou-la-deficience-de-la-vision-des-couleurs"},"author":{"name":"alexisattiapo","@id":"https:\/\/www.lenstore.fr\/soins-des-yeux\/#\/schema\/person\/e9fee1d1110da711f415f49fe2d5e045"},"headline":"Le daltonisme ou la d\u00e9ficience de la vision des couleurs","datePublished":"2021-03-30T14:32:47+00:00","dateModified":"2022-09-06T10:37:38+00:00","mainEntityOfPage":{"@id":"https:\/\/www.lenstore.fr\/soins-des-yeux\/le-daltonisme-ou-la-deficience-de-la-vision-des-couleurs"},"wordCount":1372,"publisher":{"@id":"https:\/\/www.lenstore.fr\/soins-des-yeux\/#organization"},"image":{"@id":"https:\/\/www.lenstore.fr\/soins-des-yeux\/le-daltonisme-ou-la-deficience-de-la-vision-des-couleurs#primaryimage"},"thumbnailUrl":"https:\/\/www.lenstore.fr\/soins-des-yeux\/wp-content\/uploads\/sites\/3\/2021\/03\/Daltonisme.jpg","articleSection":["Sant\u00e9 des yeux"],"inLanguage":"fr-FR"},{"@type":"WebPage","@id":"https:\/\/www.lenstore.fr\/soins-des-yeux\/le-daltonisme-ou-la-deficience-de-la-vision-des-couleurs","url":"https:\/\/www.lenstore.fr\/soins-des-yeux\/le-daltonisme-ou-la-deficience-de-la-vision-des-couleurs","name":"Le daltonisme ou la d\u00e9ficience de la vision des couleurs - Lenstore","isPartOf":{"@id":"https:\/\/www.lenstore.fr\/soins-des-yeux\/#website"},"primaryImageOfPage":{"@id":"https:\/\/www.lenstore.fr\/soins-des-yeux\/le-daltonisme-ou-la-deficience-de-la-vision-des-couleurs#primaryimage"},"image":{"@id":"https:\/\/www.lenstore.fr\/soins-des-yeux\/le-daltonisme-ou-la-deficience-de-la-vision-des-couleurs#primaryimage"},"thumbnailUrl":"https:\/\/www.lenstore.fr\/soins-des-yeux\/wp-content\/uploads\/sites\/3\/2021\/03\/Daltonisme.jpg","datePublished":"2021-03-30T14:32:47+00:00","dateModified":"2022-09-06T10:37:38+00:00","description":"La d\u00e9ficience de la vision des couleurs, \u00e9galement appel\u00e9e daltonisme, est d\u00e9finit comme l\u2019incapacit\u00e9 pour une personne de voir le spectre complet des couleurs.","breadcrumb":{"@id":"https:\/\/www.lenstore.fr\/soins-des-yeux\/le-daltonisme-ou-la-deficience-de-la-vision-des-couleurs#breadcrumb"},"inLanguage":"fr-FR","potentialAction":[{"@type":"ReadAction","target":["https:\/\/www.lenstore.fr\/soins-des-yeux\/le-daltonisme-ou-la-deficience-de-la-vision-des-couleurs"]}]},{"@type":"ImageObject","inLanguage":"fr-FR","@id":"https:\/\/www.lenstore.fr\/soins-des-yeux\/le-daltonisme-ou-la-deficience-de-la-vision-des-couleurs#primaryimage","url":"https:\/\/www.lenstore.fr\/soins-des-yeux\/wp-content\/uploads\/sites\/3\/2021\/03\/Daltonisme.jpg","contentUrl":"https:\/\/www.lenstore.fr\/soins-des-yeux\/wp-content\/uploads\/sites\/3\/2021\/03\/Daltonisme.jpg","width":770,"height":480},{"@type":"BreadcrumbList","@id":"https:\/\/www.lenstore.fr\/soins-des-yeux\/le-daltonisme-ou-la-deficience-de-la-vision-des-couleurs#breadcrumb","itemListElement":[{"@type":"ListItem","position":1,"name":"Home","item":"https:\/\/www.lenstore.fr\/soins-des-yeux"},{"@type":"ListItem","position":2,"name":"Le daltonisme ou la d\u00e9ficience de la vision des couleurs"}]},{"@type":"WebSite","@id":"https:\/\/www.lenstore.fr\/soins-des-yeux\/#website","url":"https:\/\/www.lenstore.fr\/soins-des-yeux\/","name":"Lenstore","description":"Guides des lentilles | Sant\u00e9 | Mode de vie","publisher":{"@id":"https:\/\/www.lenstore.fr\/soins-des-yeux\/#organization"},"potentialAction":[{"@type":"SearchAction","target":{"@type":"EntryPoint","urlTemplate":"https:\/\/www.lenstore.fr\/soins-des-yeux\/?s={search_term_string}"},"query-input":{"@type":"PropertyValueSpecification","valueRequired":true,"valueName":"search_term_string"}}],"inLanguage":"fr-FR"},{"@type":"Organization","@id":"https:\/\/www.lenstore.fr\/#organization","name":"Lenstore","url":"https:\/\/www.lenstore.fr\/","logo":"https:\/\/www.lenstore.fr\/png\/lenstore-logo.png","image":"https:\/\/www.lenstore.fr\/png\/lenstore-logo.png","sameAs":["https:\/\/x.com\/lenstorefr"],"companyRegistration":"51990","contactPoint":{"@type":"ContactPoint","contactType":"customer service","telephone":"09 75 18 06 19","email":"serviceclient@lenstore.fr"}},{"@type":"Person","@id":"https:\/\/www.lenstore.fr\/soins-des-yeux\/#\/schema\/person\/e9fee1d1110da711f415f49fe2d5e045","name":"alexisattiapo","url":"https:\/\/www.lenstore.fr\/soins-des-yeux\/author\/alexisattiapo"}]}},"jetpack_featured_media_url":"https:\/\/www.lenstore.fr\/soins-des-yeux\/wp-content\/uploads\/sites\/3\/2021\/03\/Daltonisme.jpg","order_on_store":null,"_links":{"self":[{"href":"https:\/\/www.lenstore.fr\/soins-des-yeux\/wp-json\/wp\/v2\/posts\/759","targetHints":{"allow":["GET"]}}],"collection":[{"href":"https:\/\/www.lenstore.fr\/soins-des-yeux\/wp-json\/wp\/v2\/posts"}],"about":[{"href":"https:\/\/www.lenstore.fr\/soins-des-yeux\/wp-json\/wp\/v2\/types\/post"}],"author":[{"embeddable":true,"href":"https:\/\/www.lenstore.fr\/soins-des-yeux\/wp-json\/wp\/v2\/users\/6"}],"replies":[{"embeddable":true,"href":"https:\/\/www.lenstore.fr\/soins-des-yeux\/wp-json\/wp\/v2\/comments?post=759"}],"version-history":[{"count":5,"href":"https:\/\/www.lenstore.fr\/soins-des-yeux\/wp-json\/wp\/v2\/posts\/759\/revisions"}],"predecessor-version":[{"id":1578,"href":"https:\/\/www.lenstore.fr\/soins-des-yeux\/wp-json\/wp\/v2\/posts\/759\/revisions\/1578"}],"wp:featuredmedia":[{"embeddable":true,"href":"https:\/\/www.lenstore.fr\/soins-des-yeux\/wp-json\/wp\/v2\/media\/764"}],"wp:attachment":[{"href":"https:\/\/www.lenstore.fr\/soins-des-yeux\/wp-json\/wp\/v2\/media?parent=759"}],"wp:term":[{"taxonomy":"category","embeddable":true,"href":"https:\/\/www.lenstore.fr\/soins-des-yeux\/wp-json\/wp\/v2\/categories?post=759"},{"taxonomy":"post_tag","embeddable":true,"href":"https:\/\/www.lenstore.fr\/soins-des-yeux\/wp-json\/wp\/v2\/tags?post=759"}],"curies":[{"name":"wp","href":"https:\/\/api.w.org\/{rel}","templated":true}]}}