{"id":550,"date":"2021-01-11T17:06:20","date_gmt":"2021-01-11T16:06:20","guid":{"rendered":"https:\/\/www.lenstore.fr\/soins-des-yeux\/?p=550"},"modified":"2023-01-19T12:22:23","modified_gmt":"2023-01-19T11:22:23","slug":"les-lentilles-de-contact-au-coeur-de-lhiver","status":"publish","type":"post","link":"https:\/\/www.lenstore.fr\/soins-des-yeux\/les-lentilles-de-contact-au-coeur-de-lhiver","title":{"rendered":"Les lentilles de contact au c\u0153ur de l&rsquo;hiver"},"content":{"rendered":"\n<figure class=\"wp-block-image size-full\"><img loading=\"lazy\" decoding=\"async\" width=\"770\" height=\"480\" src=\"https:\/\/www.lenstore.fr\/soins-des-yeux\/wp-content\/uploads\/sites\/3\/2023\/01\/lentilles-et-hiver.jpg\" alt=\"\" class=\"wp-image-2078\" srcset=\"https:\/\/www.lenstore.fr\/soins-des-yeux\/wp-content\/uploads\/sites\/3\/2023\/01\/lentilles-et-hiver.jpg 770w, https:\/\/www.lenstore.fr\/soins-des-yeux\/wp-content\/uploads\/sites\/3\/2023\/01\/lentilles-et-hiver-300x187.jpg 300w, https:\/\/www.lenstore.fr\/soins-des-yeux\/wp-content\/uploads\/sites\/3\/2023\/01\/lentilles-et-hiver-768x479.jpg 768w\" sizes=\"auto, (max-width: 770px) 100vw, 770px\" \/><\/figure>\n\n\n\n<p>L\u2019hiver est l\u00e0 et avec lui son lot d\u2019activit\u00e9s mais aussi d\u2019inconv\u00e9nients pour certains. Certains attendent avec impatience la neige et leur s\u00e9jour au ski mais d\u2019autres redoutent les probl\u00e8mes li\u00e9s au grand froid. C\u2019est bien connu, en hiver beaucoup de mat\u00e9riaux g\u00e8lent. Il est donc normal de se poser des questions sur la conservation des lentilles de contact quand la temp\u00e9rature atteint des niveaux en dessous de 0.<\/p>\n\n\n\n<h3 class=\"wp-block-heading\"><strong>Puis-je porter mes lentilles de contact en hiver ?<\/strong><\/h3>\n\n\n\n<p>L\u2019hiver et les p\u00e9riodes de grand froid ne sont pas des facteurs de contre-indication pour le port de <a href=\"https:\/\/www.lenstore.fr\/b317\/lentilles-de-contact\">lentilles contact<\/a>. La situation des habitants du Qu\u00e9bec ou plus g\u00e9n\u00e9ralement du Canada, de la Finlande, du Danemark et de la Su\u00e8de entre autres nous renseigne sur le fait que le port de lentilles de contact est tout \u00e0 fait possible en hiver et dans les zones de grand froid. Vous pouvez porter vos lentilles de vue et garder vos yeux en bonne sant\u00e9 en appliquant quelques pr\u00e9cautions d\u2019usage.<\/p>\n\n\n\n<p>Consultez votre ophtalmologiste et assurez-vous d\u2019avoir les lentilles ad\u00e9quates. Optez pour des lentilles de contact qui vous apportent une hydratation optimale.<\/p>\n\n\n\n<p>Soignez la conservation de vos verres de contact. Stockez vos lentilles de contact dans un endroit \u00e0 temp\u00e9rature ambiante. Quand vos lentilles sont conserv\u00e9es dans leur flacon d\u2019origine, elles baignent dans une solution saline qui aide \u00e0 pr\u00e9venir les probl\u00e8mes de grand froid et \u00e9viter que vos lentilles g\u00e8lent.<\/p>\n\n\n\n<p>Pensez \u00e0 conserver vos lentilles de vue avec un liquide ad\u00e9quat dans un \u00e9tui de rangement adapt\u00e9 afin de les prot\u00e9ger au mieux face aux d\u00e9fis de l\u2019hiver. Ce geste est aussi une pr\u00e9caution d\u2019usage \u00e0 respecter au quotidien et cela quelles que soient les saisons car cela vous aide aussi \u00e0 pr\u00e9venir les probl\u00e8mes d\u2019infection oculaires.<\/p>\n\n\n\n<p>Demandez l\u2019avis de votre opticien si vous avez le moindre doute sur l\u2019\u00e9tat de conservation de vos lentilles de vue.<\/p>\n\n\n\n<h3 class=\"wp-block-heading\"><strong>Comment faire face au probl\u00e8me des yeux secs ?<\/strong><\/h3>\n\n\n\n<p>En hiver vos yeux font face \u00e0 un air froid et sec quand vous \u00eates \u00e0 l\u2019ext\u00e9rieur et vous les soumettez \u00e0 un air chaud et sec quand vous \u00eates \u00e0 la maison dans les pi\u00e8ces chauff\u00e9es. <\/p>\n\n\n\n<p>En p\u00e9riode de grand froid et apr\u00e8s une longue journ\u00e9e dehors il est tr\u00e8s tentant de mettre votre chauffage \u00e0 fond pour vous r\u00e9chauffer. Ceux qui ont la chance de passer un s\u00e9jour au ski dans une station de ski suisse ou des Pyr\u00e9n\u00e9es appr\u00e9cient sans doute de pouvoir se mettre au coin du feu pour se r\u00e9chauffer en fin de journ\u00e9e. Toutefois, cette situation peut se r\u00e9v\u00e9ler d\u00e9sagr\u00e9able pour les porteurs de lentilles de contact car ils risquent de ressentir la sensation des yeux secs. En effet, les yeux ont tendance \u00e0 s\u00e9cher tr\u00e8s rapidement dans les pi\u00e8ces chauff\u00e9es et parfois m\u00eame surchauff\u00e9es. Il est donc tr\u00e8s important d\u2019avoir vos gouttes pour les yeux \u00e0 port\u00e9e de main. Sur Lenstore vous trouvez une liste exhaustive de <a href=\"https:\/\/www.lenstore.fr\/c7\/solutions-et-accessoires\">solutions et accessoires<\/a>,&nbsp;collyres ou <a href=\"https:\/\/www.lenstore.fr\/c104\/gouttes-pour-les-yeux\">goutes pour les yeux<\/a> afin de satisfaire le plus grand nombre.<\/p>\n\n\n\n<h3 class=\"wp-block-heading\"><strong>Lentilles ou lunettes pour le ski et les sports d\u2019hiver ?<\/strong><\/h3>\n\n\n\n<p>Portez des lentilles de contact pour aller au ski et pratiquez vos sports d\u2019hiver pr\u00e9f\u00e9r\u00e9s. Les verres de contact vous apportent de nombreux avantages par rapport aux lunettes.<\/p>\n\n\n\n<p>En optant pour les lentilles vous vous affranchissez des probl\u00e8mes de bu\u00e9e que connaissent les porteurs de lunettes. Vous \u00eates libre de vos mouvements et vous n\u2019avez pas \u00e0 vous arr\u00eater r\u00e9guli\u00e8rement afin d\u2019essuyer la bu\u00e9e qui se forme sur les lunettes.<\/p>\n\n\n\n<p>Il est aussi tr\u00e8s pratique et plus confortables de porter des lentilles lorsque vous portez un casque de ski et les lunettes de protection qui sont essentielles \u00e0 votre s\u00e9curit\u00e9 avant de vous engager sur les pistes de ski bleues, rouges ou noires. Les lunettes de vue se r\u00e9v\u00e8lent tr\u00e8s inconfortables et g\u00eanantes quand vous devez porter par-dessus votre casque et vos lunettes de protection.<\/p>\n\n\n\n<p>Quand vous portez des lentilles de vue, vous \u00e9liminez le risque de casser ou de perdre vos lunettes. Vous pouvez glisser sur les pistes de ski sans avoir \u00e0 vous arr\u00eater pour chercher des lunettes qui seraient tomb\u00e9es ou d\u00e9couvrir que vos lunettes se sont cass\u00e9es dans leur chute.<\/p>\n\n\n\n<p>Les<a href=\"https:\/\/www.lenstore.fr\/c1\/lentilles-journalieres\"> lentilles journali\u00e8res<\/a> sont une bonne option quand vous allez \u00e0 la montagne car vous n\u2019avez pas \u00e0 vous soucier d\u2019un produit sp\u00e9cifique pour l\u2019entretien de vos lentilles. Chaque jour vous portez une nouvelle paire. Ainsi, vous renforcez votre sensation de libert\u00e9 pendant vos vacances \u00e0 la montagne.<\/p>\n\n\n\n<h3 class=\"wp-block-heading\"><strong>Lentilles et protection solaire aux sports d\u2019hiver<\/strong><\/h3>\n\n\n\n<p>Les dangers du soleil sont souvent associ\u00e9s \u00e0 l\u2019\u00e9t\u00e9. Ne faites pas cette erreur. Pensez aussi \u00e0 prot\u00e9ger vos yeux contre les effets du soleil tout autant pendant les journ\u00e9es d\u2019hiver. Si vous allez r\u00e9guli\u00e8rement \u00e0 la montagne, vous savez sans doute que plus vous montez en altitude et plus les rayons de soleil sont forts. De plus la neige refl\u00e8te les rayons de soleil et amplifie leurs effets. Vos yeux sont donc soumis \u00e0 des rayons de soleil plus puissants. Il est donc essentiel que vous portiez des lunettes de soleil adapt\u00e9es. Par cons\u00e9quent si vous avez besoin d\u2019une correction visuelle en m\u00eame temps, les lentilles sont la meilleure option pour vous.<\/p>\n\n\n\n<p>Sur Lenstore, vous trouvez une gamme de <a href=\"https:\/\/www.lenstore.fr\/c1\/lentilles-journalieres\" target=\"_blank\" rel=\"noreferrer noopener\">lentilles journali\u00e8res<\/a>, <a href=\"https:\/\/www.lenstore.fr\/c5\/lentilles-toriques-pour-l-astigmatisme\" target=\"_blank\" rel=\"noreferrer noopener\">lentilles toriques<\/a>, <a href=\"https:\/\/www.lenstore.fr\/b123\/lentilles-toriques-journalie-res\">lentilles toriques journali\u00e8res<\/a> et <a href=\"https:\/\/www.lenstore.fr\/b330\/lentilles-progressives-multifocales-journalie-res\">lentilles multifocales journali\u00e8res<\/a> particuli\u00e8rement adapt\u00e9es pour les s\u00e9jours \u00e0 la montagne gr\u00e2ce \u00e0 leur fonction jetable. De plus, certaines vous apportent un certain niveau de protection contre les rayons UV. Toutefois pour une protection compl\u00e8te contre les rayons de soleil vous aurez besoin de lunettes de soleil adapt\u00e9es.<\/p>\n\n\n\n<h3 class=\"wp-block-heading\"><strong>Comment mettre et retirer mes lentilles de contact par temps de grand froid ?<\/strong><\/h3>\n\n\n\n<p>L\u2019hiver est propice aux rhumes et aux grippes qui se propagent tr\u00e8s rapidement. Vos mains sont une source de contamination par les bact\u00e9ries et les virus. Pensez donc \u00e0 bien vous laver les mains avant toute manipulation de vos lentilles de contact. Sur la page \u00ab <a href=\"https:\/\/www.lenstore.fr\/comment-mettre-vos-lentilles-de-contact\">Comment mettre et retirer mes lentilles de contact ?<\/a> \u00bb vous trouverez toutes les informations n\u00e9cessaires pour une manipulation en toute s\u00e9curit\u00e9 de vos lentilles.<\/p>\n","protected":false},"excerpt":{"rendered":"<p>L\u2019hiver est l\u00e0 et avec lui son lot d\u2019activit\u00e9s mais aussi d\u2019inconv\u00e9nients pour certains. Certains [&hellip;]<\/p>\n","protected":false},"author":6,"featured_media":2078,"comment_status":"closed","ping_status":"closed","sticky":false,"template":"","format":"standard","meta":{"footnotes":""},"categories":[3],"tags":[],"class_list":["post-550","post","type-post","status-publish","format-standard","has-post-thumbnail","hentry","category-sante"],"yoast_head":"<!-- This site is optimized with the Yoast SEO plugin v27.0 - https:\/\/yoast.com\/product\/yoast-seo-wordpress\/ -->\n<title>Les lentilles de contact au c\u0153ur de l&#039;hiver - Lenstore<\/title>\n<meta name=\"description\" content=\"Il est donc normal de se poser des questions sur la conservation des lentilles de contact quand la temp\u00e9rature atteint des niveaux en dessous de 0.\" \/>\n<meta name=\"robots\" content=\"index, follow, max-snippet:-1, max-image-preview:large, max-video-preview:-1\" \/>\n<link rel=\"canonical\" href=\"https:\/\/www.lenstore.fr\/soins-des-yeux\/les-lentilles-de-contact-au-coeur-de-lhiver\" \/>\n<meta property=\"og:locale\" content=\"fr_FR\" \/>\n<meta property=\"og:type\" content=\"article\" \/>\n<meta property=\"og:title\" content=\"Les lentilles de contact au c\u0153ur de l&#039;hiver - Lenstore\" \/>\n<meta property=\"og:description\" content=\"Il est donc normal de se poser des questions sur la conservation des lentilles de contact quand la temp\u00e9rature atteint des niveaux en dessous de 0.\" \/>\n<meta property=\"og:url\" content=\"https:\/\/www.lenstore.fr\/soins-des-yeux\/les-lentilles-de-contact-au-coeur-de-lhiver\" \/>\n<meta property=\"og:site_name\" content=\"Lenstore\" \/>\n<meta property=\"article:published_time\" content=\"2021-01-11T16:06:20+00:00\" \/>\n<meta property=\"article:modified_time\" content=\"2023-01-19T11:22:23+00:00\" \/>\n<meta property=\"og:image\" content=\"https:\/\/www.lenstore.fr\/soins-des-yeux\/wp-content\/uploads\/sites\/3\/2023\/01\/lentilles-et-hiver.jpg\" \/>\n\t<meta property=\"og:image:width\" content=\"770\" \/>\n\t<meta property=\"og:image:height\" content=\"480\" \/>\n\t<meta property=\"og:image:type\" content=\"image\/jpeg\" \/>\n<meta name=\"author\" content=\"alexisattiapo\" \/>\n<meta name=\"twitter:card\" content=\"summary_large_image\" \/>\n<meta name=\"twitter:creator\" content=\"@lenstorefr\" \/>\n<meta name=\"twitter:site\" content=\"@lenstorefr\" \/>\n<meta name=\"twitter:label1\" content=\"\u00c9crit par\" \/>\n\t<meta name=\"twitter:data1\" content=\"alexisattiapo\" \/>\n\t<meta name=\"twitter:label2\" content=\"Dur\u00e9e de lecture estim\u00e9e\" \/>\n\t<meta name=\"twitter:data2\" content=\"6 minutes\" \/>\n<script type=\"application\/ld+json\" class=\"yoast-schema-graph\">{\"@context\":\"https:\/\/schema.org\",\"@graph\":[{\"@type\":\"Article\",\"@id\":\"https:\/\/www.lenstore.fr\/soins-des-yeux\/les-lentilles-de-contact-au-coeur-de-lhiver#article\",\"isPartOf\":{\"@id\":\"https:\/\/www.lenstore.fr\/soins-des-yeux\/les-lentilles-de-contact-au-coeur-de-lhiver\"},\"author\":{\"name\":\"alexisattiapo\",\"@id\":\"https:\/\/www.lenstore.fr\/soins-des-yeux\/#\/schema\/person\/e9fee1d1110da711f415f49fe2d5e045\"},\"headline\":\"Les lentilles de contact au c\u0153ur de l&rsquo;hiver\",\"datePublished\":\"2021-01-11T16:06:20+00:00\",\"dateModified\":\"2023-01-19T11:22:23+00:00\",\"mainEntityOfPage\":{\"@id\":\"https:\/\/www.lenstore.fr\/soins-des-yeux\/les-lentilles-de-contact-au-coeur-de-lhiver\"},\"wordCount\":1113,\"publisher\":{\"@id\":\"https:\/\/www.lenstore.fr\/soins-des-yeux\/#organization\"},\"image\":{\"@id\":\"https:\/\/www.lenstore.fr\/soins-des-yeux\/les-lentilles-de-contact-au-coeur-de-lhiver#primaryimage\"},\"thumbnailUrl\":\"https:\/\/www.lenstore.fr\/soins-des-yeux\/wp-content\/uploads\/sites\/3\/2023\/01\/lentilles-et-hiver.jpg\",\"articleSection\":[\"Sant\u00e9 des yeux\"],\"inLanguage\":\"fr-FR\"},{\"@type\":\"WebPage\",\"@id\":\"https:\/\/www.lenstore.fr\/soins-des-yeux\/les-lentilles-de-contact-au-coeur-de-lhiver\",\"url\":\"https:\/\/www.lenstore.fr\/soins-des-yeux\/les-lentilles-de-contact-au-coeur-de-lhiver\",\"name\":\"Les lentilles de contact au c\u0153ur de l'hiver - Lenstore\",\"isPartOf\":{\"@id\":\"https:\/\/www.lenstore.fr\/soins-des-yeux\/#website\"},\"primaryImageOfPage\":{\"@id\":\"https:\/\/www.lenstore.fr\/soins-des-yeux\/les-lentilles-de-contact-au-coeur-de-lhiver#primaryimage\"},\"image\":{\"@id\":\"https:\/\/www.lenstore.fr\/soins-des-yeux\/les-lentilles-de-contact-au-coeur-de-lhiver#primaryimage\"},\"thumbnailUrl\":\"https:\/\/www.lenstore.fr\/soins-des-yeux\/wp-content\/uploads\/sites\/3\/2023\/01\/lentilles-et-hiver.jpg\",\"datePublished\":\"2021-01-11T16:06:20+00:00\",\"dateModified\":\"2023-01-19T11:22:23+00:00\",\"description\":\"Il est donc normal de se poser des questions sur la conservation des lentilles de contact quand la temp\u00e9rature atteint des niveaux en dessous de 0.\",\"breadcrumb\":{\"@id\":\"https:\/\/www.lenstore.fr\/soins-des-yeux\/les-lentilles-de-contact-au-coeur-de-lhiver#breadcrumb\"},\"inLanguage\":\"fr-FR\",\"potentialAction\":[{\"@type\":\"ReadAction\",\"target\":[\"https:\/\/www.lenstore.fr\/soins-des-yeux\/les-lentilles-de-contact-au-coeur-de-lhiver\"]}]},{\"@type\":\"ImageObject\",\"inLanguage\":\"fr-FR\",\"@id\":\"https:\/\/www.lenstore.fr\/soins-des-yeux\/les-lentilles-de-contact-au-coeur-de-lhiver#primaryimage\",\"url\":\"https:\/\/www.lenstore.fr\/soins-des-yeux\/wp-content\/uploads\/sites\/3\/2023\/01\/lentilles-et-hiver.jpg\",\"contentUrl\":\"https:\/\/www.lenstore.fr\/soins-des-yeux\/wp-content\/uploads\/sites\/3\/2023\/01\/lentilles-et-hiver.jpg\",\"width\":770,\"height\":480},{\"@type\":\"BreadcrumbList\",\"@id\":\"https:\/\/www.lenstore.fr\/soins-des-yeux\/les-lentilles-de-contact-au-coeur-de-lhiver#breadcrumb\",\"itemListElement\":[{\"@type\":\"ListItem\",\"position\":1,\"name\":\"Home\",\"item\":\"https:\/\/www.lenstore.fr\/soins-des-yeux\"},{\"@type\":\"ListItem\",\"position\":2,\"name\":\"Les lentilles de contact au c\u0153ur de l&rsquo;hiver\"}]},{\"@type\":\"WebSite\",\"@id\":\"https:\/\/www.lenstore.fr\/soins-des-yeux\/#website\",\"url\":\"https:\/\/www.lenstore.fr\/soins-des-yeux\/\",\"name\":\"Lenstore\",\"description\":\"Guides des lentilles | Sant\u00e9 | Mode de vie\",\"publisher\":{\"@id\":\"https:\/\/www.lenstore.fr\/soins-des-yeux\/#organization\"},\"potentialAction\":[{\"@type\":\"SearchAction\",\"target\":{\"@type\":\"EntryPoint\",\"urlTemplate\":\"https:\/\/www.lenstore.fr\/soins-des-yeux\/?s={search_term_string}\"},\"query-input\":{\"@type\":\"PropertyValueSpecification\",\"valueRequired\":true,\"valueName\":\"search_term_string\"}}],\"inLanguage\":\"fr-FR\"},{\"@type\":\"Organization\",\"@id\":\"https:\/\/www.lenstore.fr\/#organization\",\"name\":\"Lenstore\",\"url\":\"https:\/\/www.lenstore.fr\/\",\"logo\":\"https:\/\/www.lenstore.fr\/png\/lenstore-logo.png\",\"image\":\"https:\/\/www.lenstore.fr\/png\/lenstore-logo.png\",\"sameAs\":[\"https:\/\/x.com\/lenstorefr\"],\"companyRegistration\":\"51990\",\"contactPoint\":{\"@type\":\"ContactPoint\",\"contactType\":\"customer service\",\"telephone\":\"09 75 18 06 19\",\"email\":\"serviceclient@lenstore.fr\"}},{\"@type\":\"Person\",\"@id\":\"https:\/\/www.lenstore.fr\/soins-des-yeux\/#\/schema\/person\/e9fee1d1110da711f415f49fe2d5e045\",\"name\":\"alexisattiapo\",\"url\":\"https:\/\/www.lenstore.fr\/soins-des-yeux\/author\/alexisattiapo\"}]}<\/script>\n<!-- \/ Yoast SEO plugin. -->","yoast_head_json":{"title":"Les lentilles de contact au c\u0153ur de l'hiver - Lenstore","description":"Il est donc normal de se poser des questions sur la conservation des lentilles de contact quand la temp\u00e9rature atteint des niveaux en dessous de 0.","robots":{"index":"index","follow":"follow","max-snippet":"max-snippet:-1","max-image-preview":"max-image-preview:large","max-video-preview":"max-video-preview:-1"},"canonical":"https:\/\/www.lenstore.fr\/soins-des-yeux\/les-lentilles-de-contact-au-coeur-de-lhiver","og_locale":"fr_FR","og_type":"article","og_title":"Les lentilles de contact au c\u0153ur de l'hiver - Lenstore","og_description":"Il est donc normal de se poser des questions sur la conservation des lentilles de contact quand la temp\u00e9rature atteint des niveaux en dessous de 0.","og_url":"https:\/\/www.lenstore.fr\/soins-des-yeux\/les-lentilles-de-contact-au-coeur-de-lhiver","og_site_name":"Lenstore","article_published_time":"2021-01-11T16:06:20+00:00","article_modified_time":"2023-01-19T11:22:23+00:00","og_image":[{"width":770,"height":480,"url":"https:\/\/www.lenstore.fr\/soins-des-yeux\/wp-content\/uploads\/sites\/3\/2023\/01\/lentilles-et-hiver.jpg","type":"image\/jpeg"}],"author":"alexisattiapo","twitter_card":"summary_large_image","twitter_creator":"@lenstorefr","twitter_site":"@lenstorefr","twitter_misc":{"\u00c9crit par":"alexisattiapo","Dur\u00e9e de lecture estim\u00e9e":"6 minutes"},"schema":{"@context":"https:\/\/schema.org","@graph":[{"@type":"Article","@id":"https:\/\/www.lenstore.fr\/soins-des-yeux\/les-lentilles-de-contact-au-coeur-de-lhiver#article","isPartOf":{"@id":"https:\/\/www.lenstore.fr\/soins-des-yeux\/les-lentilles-de-contact-au-coeur-de-lhiver"},"author":{"name":"alexisattiapo","@id":"https:\/\/www.lenstore.fr\/soins-des-yeux\/#\/schema\/person\/e9fee1d1110da711f415f49fe2d5e045"},"headline":"Les lentilles de contact au c\u0153ur de l&rsquo;hiver","datePublished":"2021-01-11T16:06:20+00:00","dateModified":"2023-01-19T11:22:23+00:00","mainEntityOfPage":{"@id":"https:\/\/www.lenstore.fr\/soins-des-yeux\/les-lentilles-de-contact-au-coeur-de-lhiver"},"wordCount":1113,"publisher":{"@id":"https:\/\/www.lenstore.fr\/soins-des-yeux\/#organization"},"image":{"@id":"https:\/\/www.lenstore.fr\/soins-des-yeux\/les-lentilles-de-contact-au-coeur-de-lhiver#primaryimage"},"thumbnailUrl":"https:\/\/www.lenstore.fr\/soins-des-yeux\/wp-content\/uploads\/sites\/3\/2023\/01\/lentilles-et-hiver.jpg","articleSection":["Sant\u00e9 des yeux"],"inLanguage":"fr-FR"},{"@type":"WebPage","@id":"https:\/\/www.lenstore.fr\/soins-des-yeux\/les-lentilles-de-contact-au-coeur-de-lhiver","url":"https:\/\/www.lenstore.fr\/soins-des-yeux\/les-lentilles-de-contact-au-coeur-de-lhiver","name":"Les lentilles de contact au c\u0153ur de l'hiver - Lenstore","isPartOf":{"@id":"https:\/\/www.lenstore.fr\/soins-des-yeux\/#website"},"primaryImageOfPage":{"@id":"https:\/\/www.lenstore.fr\/soins-des-yeux\/les-lentilles-de-contact-au-coeur-de-lhiver#primaryimage"},"image":{"@id":"https:\/\/www.lenstore.fr\/soins-des-yeux\/les-lentilles-de-contact-au-coeur-de-lhiver#primaryimage"},"thumbnailUrl":"https:\/\/www.lenstore.fr\/soins-des-yeux\/wp-content\/uploads\/sites\/3\/2023\/01\/lentilles-et-hiver.jpg","datePublished":"2021-01-11T16:06:20+00:00","dateModified":"2023-01-19T11:22:23+00:00","description":"Il est donc normal de se poser des questions sur la conservation des lentilles de contact quand la temp\u00e9rature atteint des niveaux en dessous de 0.","breadcrumb":{"@id":"https:\/\/www.lenstore.fr\/soins-des-yeux\/les-lentilles-de-contact-au-coeur-de-lhiver#breadcrumb"},"inLanguage":"fr-FR","potentialAction":[{"@type":"ReadAction","target":["https:\/\/www.lenstore.fr\/soins-des-yeux\/les-lentilles-de-contact-au-coeur-de-lhiver"]}]},{"@type":"ImageObject","inLanguage":"fr-FR","@id":"https:\/\/www.lenstore.fr\/soins-des-yeux\/les-lentilles-de-contact-au-coeur-de-lhiver#primaryimage","url":"https:\/\/www.lenstore.fr\/soins-des-yeux\/wp-content\/uploads\/sites\/3\/2023\/01\/lentilles-et-hiver.jpg","contentUrl":"https:\/\/www.lenstore.fr\/soins-des-yeux\/wp-content\/uploads\/sites\/3\/2023\/01\/lentilles-et-hiver.jpg","width":770,"height":480},{"@type":"BreadcrumbList","@id":"https:\/\/www.lenstore.fr\/soins-des-yeux\/les-lentilles-de-contact-au-coeur-de-lhiver#breadcrumb","itemListElement":[{"@type":"ListItem","position":1,"name":"Home","item":"https:\/\/www.lenstore.fr\/soins-des-yeux"},{"@type":"ListItem","position":2,"name":"Les lentilles de contact au c\u0153ur de l&rsquo;hiver"}]},{"@type":"WebSite","@id":"https:\/\/www.lenstore.fr\/soins-des-yeux\/#website","url":"https:\/\/www.lenstore.fr\/soins-des-yeux\/","name":"Lenstore","description":"Guides des lentilles | Sant\u00e9 | Mode de vie","publisher":{"@id":"https:\/\/www.lenstore.fr\/soins-des-yeux\/#organization"},"potentialAction":[{"@type":"SearchAction","target":{"@type":"EntryPoint","urlTemplate":"https:\/\/www.lenstore.fr\/soins-des-yeux\/?s={search_term_string}"},"query-input":{"@type":"PropertyValueSpecification","valueRequired":true,"valueName":"search_term_string"}}],"inLanguage":"fr-FR"},{"@type":"Organization","@id":"https:\/\/www.lenstore.fr\/#organization","name":"Lenstore","url":"https:\/\/www.lenstore.fr\/","logo":"https:\/\/www.lenstore.fr\/png\/lenstore-logo.png","image":"https:\/\/www.lenstore.fr\/png\/lenstore-logo.png","sameAs":["https:\/\/x.com\/lenstorefr"],"companyRegistration":"51990","contactPoint":{"@type":"ContactPoint","contactType":"customer service","telephone":"09 75 18 06 19","email":"serviceclient@lenstore.fr"}},{"@type":"Person","@id":"https:\/\/www.lenstore.fr\/soins-des-yeux\/#\/schema\/person\/e9fee1d1110da711f415f49fe2d5e045","name":"alexisattiapo","url":"https:\/\/www.lenstore.fr\/soins-des-yeux\/author\/alexisattiapo"}]}},"jetpack_featured_media_url":"https:\/\/www.lenstore.fr\/soins-des-yeux\/wp-content\/uploads\/sites\/3\/2023\/01\/lentilles-et-hiver.jpg","order_on_store":null,"_links":{"self":[{"href":"https:\/\/www.lenstore.fr\/soins-des-yeux\/wp-json\/wp\/v2\/posts\/550","targetHints":{"allow":["GET"]}}],"collection":[{"href":"https:\/\/www.lenstore.fr\/soins-des-yeux\/wp-json\/wp\/v2\/posts"}],"about":[{"href":"https:\/\/www.lenstore.fr\/soins-des-yeux\/wp-json\/wp\/v2\/types\/post"}],"author":[{"embeddable":true,"href":"https:\/\/www.lenstore.fr\/soins-des-yeux\/wp-json\/wp\/v2\/users\/6"}],"replies":[{"embeddable":true,"href":"https:\/\/www.lenstore.fr\/soins-des-yeux\/wp-json\/wp\/v2\/comments?post=550"}],"version-history":[{"count":9,"href":"https:\/\/www.lenstore.fr\/soins-des-yeux\/wp-json\/wp\/v2\/posts\/550\/revisions"}],"predecessor-version":[{"id":2080,"href":"https:\/\/www.lenstore.fr\/soins-des-yeux\/wp-json\/wp\/v2\/posts\/550\/revisions\/2080"}],"wp:featuredmedia":[{"embeddable":true,"href":"https:\/\/www.lenstore.fr\/soins-des-yeux\/wp-json\/wp\/v2\/media\/2078"}],"wp:attachment":[{"href":"https:\/\/www.lenstore.fr\/soins-des-yeux\/wp-json\/wp\/v2\/media?parent=550"}],"wp:term":[{"taxonomy":"category","embeddable":true,"href":"https:\/\/www.lenstore.fr\/soins-des-yeux\/wp-json\/wp\/v2\/categories?post=550"},{"taxonomy":"post_tag","embeddable":true,"href":"https:\/\/www.lenstore.fr\/soins-des-yeux\/wp-json\/wp\/v2\/tags?post=550"}],"curies":[{"name":"wp","href":"https:\/\/api.w.org\/{rel}","templated":true}]}}